{"id":332,"date":"2023-03-30T10:00:00","date_gmt":"2023-03-30T10:00:00","guid":{"rendered":"https:\/\/080barcelonafashion.cat?p=332"},"modified":"2023-08-21T12:17:46","modified_gmt":"2023-08-21T12:17:46","slug":"vint-i-cinc-dissenyadores-dissenyadors-i-marques-participaran-a-la-31a-edicio-del-080-barcelona-fashion","status":"publish","type":"post","link":"https:\/\/080barcelonafashion.cat\/es_ES\/vint-i-cinc-dissenyadores-dissenyadors-i-marques-participaran-a-la-31a-edicio-del-080-barcelona-fashion\/","title":{"rendered":"01_ 25 dise\u00f1adoras, dise\u00f1adores y marcas participar\u00e1n en la 31\u00aa edici\u00f3n de 080 Barcelona Fashion"},"content":{"rendered":"\n\n\n<h2 class=\"wp-block-heading\">La pr\u00f3xima edici\u00f3n se celebrar\u00e1 del 2 al 5 de mayo en el Recinto Modernista de Sant Pau<\/h2>\n\n\n\n<p>Barcelona, 30 de marzo de 2023.- 25 dise\u00f1adoras, dise\u00f1adores y marcas de moda presentar\u00e1n sus nuevas colecciones durante la pr\u00f3xima edici\u00f3n de 080 Barcelona Fashion \u2014plataforma de moda que impulsa el Departamento de Empresa y Trabajo de la Generalitat de Catalunya a trav\u00e9s del Consorcio de Comercio, Artesan\u00eda y Moda (CCAM)\u2014 que se celebrar\u00e1 del 2 al 5 de mayo en el Recinto Modernista de Sant Pau de Barcelona.&nbsp;<\/p>\n\n\n\n<p>Participan en esta 31\u00aa edici\u00f3n (por orden alfab\u00e9tico): 404 STUDIO, Anel Yaos, Bielo_Oscarleon, Compte Spain, Custo Barcelona, Dominnico, E\u00f1aut, Escorpion, Free Form Style, Habey Club, Laretta, Lebor Gabala, Lola Casademunt by Maite, Menchen Tomas, Nathalie Chandler, Outsiders Division, Paolo Leduc, Reveligion, Rita Row, Simorra, The Artelier, The Label Edition, Txell Miras, Victor von Schwarz y Yolancris.<\/p>\n\n\n\n<h4 class=\"wp-block-heading\">DISE\u00d1ADORAS, DISE\u00d1ADORES Y MARCAS<\/h4>\n\n\n\n<p><strong>404 STUDIO:<\/strong>&nbsp;Marca de moda que busca la singularidad y reinventar la tradici\u00f3n a trav\u00e9s de una visi\u00f3n contempor\u00e1nea, una interpretaci\u00f3n que lleva por todo el mundo. Han lucido sus creaciones artistas como Milena Smit o Dua Lipa.<\/p>\n\n\n\n<p><strong>ANEL YAOS:<\/strong>&nbsp;Firma del director creativo Anel Yaos. Sus creaciones se basan en la sostenibilidad, la inclusividad y el \u201cslow fashion\u201d. Est\u00e9ticamente, destacan la estampaci\u00f3n floral y geom\u00e9trica, los vol\u00famenes, les elementos decorativos y las superposiciones.<\/p>\n\n\n\n<p><strong>BIELO_OSCARLEON:<\/strong>&nbsp;Marca moderna y refinada con variaciones de los cortes tradicionales y una gran variedad de texturas, fruto de la colaboraci\u00f3n entre ambas firmas.<\/p>\n\n\n\n<p><strong>COMPTE SPAIN:<\/strong>&nbsp;Firma del dise\u00f1ador valenciano Santi Mozas. Sus piezas exclusivas se crean de forma tradicional, \u00e9tica y sostenible, destacando los artesanos que colaboran con la marca.<\/p>\n\n\n\n<p><strong>CUSTO BARCELONA:<\/strong>&nbsp;Firma internacional de moda catalana creada en los a\u00f1os 80 por los hermanos Dalmau. Con el tiempo, la investigaci\u00f3n en el uso del color y los estampados se ha convertido en innovaci\u00f3n, audacia y sofisticaci\u00f3n. Actualmente CUSTO BARCELONA existe como un estilo en s\u00ed mismo.<\/p>\n\n\n\n<p><strong>DOMINNICO:<\/strong>&nbsp;Firma del director creativo Domingo Rodr\u00edguez L\u00e1zaro. Trabaja bajo la premisa del slow fashion y se caracteriza por la meticulosidad en el patronaje, la investigaci\u00f3n en nuevos tejidos y la sostenibilidad en los procesos.<\/p>\n\n\n\n<p><strong>E\u00d1AUT:<\/strong>&nbsp;Firma del dise\u00f1ador vasco afincado en Barcelona, E\u00f1aut Barruetabe\u00f1a. Ganador del Premio Nacional al Dise\u00f1o Emergente de la Generalitat de Catalunya.<\/p>\n\n\n\n<p><strong>ESCORPION:<\/strong>&nbsp;Fundada en 1929, es un referente en el sector del \u201cknitwear\u201d internacional gracias al sofisticado dise\u00f1o y al \u201cheritage\u201d de sus colecciones. Con los a\u00f1os se ha convertido en un icono de moda eterna y vers\u00e1til.<\/p>\n\n\n\n<p><strong>FREE FORM STYLE:<\/strong>&nbsp;Marca pionera en dise\u00f1ar moda adaptada a distintas discapacidades. Apuesta por la comodidad sin renunciar a la elegancia, siempre atenta a las \u00faltimas tendencias.<\/p>\n\n\n\n<p><strong>HABEY CLUB:<\/strong>&nbsp;Firma de los creativos David Salvador y Javier Zunzunegui. Basada en el \u201cslow fashion\u201d, se centra en la reutilizaci\u00f3n de tejidos y el uso de fibras recicladas o 100% org\u00e1nicas.<\/p>\n\n\n\n<p><strong>LARETTA:<\/strong>&nbsp;Firma de la dise\u00f1adora Lara Serrano. La marca busca crear una atm\u00f3sfera en la que convivan tradici\u00f3n y modernidad a trav\u00e9s de piezas volum\u00e9tricas, utilizando tejidos sostenibles y producci\u00f3n local.<\/p>\n\n\n\n<p><strong>LEBOR GABALA:<\/strong>&nbsp;Firma de la dise\u00f1adora Maite Mu\u00f1oz. Apuesta por la elecci\u00f3n de las materias primas m\u00e1s exquisitas buscando la m\u00e1xima calidad.<\/p>\n\n\n\n<p><strong>LOLA CASADEMUNT BY MAITE:<\/strong>&nbsp;L\u00ednea premium de LOLA CASADEMUNT, empresa pionera de moda especializada en ropa y accesorios. Sus colecciones siguen las tendencias del mercado reinvent\u00e1ndolas con el sello singular de la marca.<\/p>\n\n\n\n<p><strong>MENCHEN TOMAS:<\/strong>&nbsp;Firma de la dise\u00f1adora catalana Olga Mench\u00e9n, fundada en 1995. Dise\u00f1a, produce y confecciona sus propias colecciones de pr\u00eat-\u00e0-porter, fiesta y novia, as\u00ed como dise\u00f1os exclusivos de alta costura y hechos a medida para novias.<\/p>\n\n\n\n<p><strong>NATHALIE CHANDLER:<\/strong>&nbsp;Dise\u00f1adora y artista belga afincada en Barcelona. Sus creaciones combinan el estilo rock y chic, con el fin de despertar el lado rebelde de una mujer elegante que rompe los c\u00f3digos de la sociedad.<\/p>\n\n\n\n<p><strong>OUTSIDERS DIVISION:<\/strong>&nbsp;Firma creada por David M\u00e9ndez Alonso en 2012. Dise\u00f1a ropa a partir de las emociones, el arte y la imaginaci\u00f3n. Trabaja con artesanos mediante la recuperaci\u00f3n de t\u00e9cnicas y disciplinas olvidadas.<\/p>\n\n\n\n<p><strong>PAOLO LEDUC:<\/strong>&nbsp;Firma creada por el dise\u00f1ador de moda Paolo Chulia Leduc. El pilar de la marca es la sastrer\u00eda, a partir de la cual Leduc deconstruye las prendas, manipula tejidos y estampa digitalmente con la t\u00e9cnica del \u201ctrompe l&#8217;oeil\u201d con el objetivo de distorsionar las formas cl\u00e1sicas.<\/p>\n\n\n\n<p><strong>REVELIGION:<\/strong>&nbsp;Firma fundada por Maite Rodr\u00edguez en 2015. Se centra en un pr\u00eat-\u00e0-porter artesanal, con gusto por el tul y el romanticismo.<\/p>\n\n\n\n<p><strong>RITA ROW:<\/strong>&nbsp;Marca nacida en Figueres de la mano de Imma Serra y X\u00e8nia Semis. Apuesta por dise\u00f1os contempor\u00e1neos y c\u00f3modos que perduren en el tiempo, destacando los valores de la moda consciente y sostenible y la producci\u00f3n local.<\/p>\n\n\n\n<p><strong>SIMORRA:<\/strong>&nbsp;Firma creada por Javier Simorra en 1978, innovadora en su momento por entrelazar el proceso productivo de la costura con las formas de confecci\u00f3n propias del Pr\u00eat-\u00e0-porter. Actualmente, su propuesta de valor se basa en la conceptualizaci\u00f3n del tejido, especialmente desarrollado para cada colecci\u00f3n. Propugna un dise\u00f1o funcional que d\u00e9 respuesta a una sociedad transgeneracional.<\/p>\n\n\n\n<p><strong>THE ARTELIER:<\/strong>&nbsp;Firma fundada en 2020 por Alba Ayza. Crea prendas atemporales y sin g\u00e9nero, utilizando materiales sostenibles y \u00e9ticos de producci\u00f3n km0 en Barcelona. Destaca por sus estampados propios y \u00fanicos, que transmiten sentimientos y emociones.<\/p>\n\n\n\n<p><strong>THE LABEL EDITION:<\/strong>&nbsp;Firma barcelonesa creada por V\u00e9ronique Von Siebenthal y Laura Johansson. Se centra en una moda \u00e9tica, honesta, atemporal y exclusiva, basada en la producci\u00f3n de c\u00e1psulas confeccionadas en proximidad, con unidades limitadas y en el slowfashion. En s\u00f3lo cuatro a\u00f1os, se ha posicionado como una marca deseada por todo tipo de p\u00fablico, incluidas actrices e influencers.<\/p>\n\n\n\n<p><strong>TXELL MIRAS:<\/strong>&nbsp;Firma de la dise\u00f1adora Txell Miras, uno de los nombres m\u00e1s relevantes de la moda catalana independiente de los \u00faltimos 15 a\u00f1os. Moda con carga conceptual y dise\u00f1o vanguardista, con mucho cuidado por los detalles. Premio a la Mejor Colecci\u00f3n de 080 Barcelona Fashion del 2016.<\/p>\n\n\n\n<p><strong>VICTOR VON SCHWARZ:<\/strong>&nbsp;Dise\u00f1ador de moda barcelon\u00e9s, nacido en Sabadell, aunque ha desarrollado buena parte de su carrera en Taiw\u00e1n. Ha vestido a diferentes artistas con proyecci\u00f3n internacional como Lola \u00cdndigo, Aitana, Mala Rodr\u00edguez o Bad Gyal.<\/p>\n\n\n\n<p><strong>YOLANCRIS:<\/strong>&nbsp;Firma creada por las hermanas Yolanda y Cristina P\u00e9rez con la idea de revolucionar el mundo de la moda nupcial y la costura, ofreciendo unos dise\u00f1os alejados del clich\u00e9 tradicional. Destaca por su estilo boho, del que fue pionera en el sector de la novia. Apuesta por la calidad y minuciosidad de la artesan\u00eda y producci\u00f3n local.<\/p>\n\n\n\n<p>080 Barcelona Fashion es una plataforma de moda que tiene como objetivo impulsar la transformaci\u00f3n del sector de la moda a trav\u00e9s de la innovaci\u00f3n tecnol\u00f3gica, a la vez que trabaja para situar a Catalu\u00f1a como altavoz del cambio en el sector de la moda, tanto a nivel nacional como internacional. Asimismo, acompa\u00f1a a las marcas catalanas en su transformaci\u00f3n y posicionamiento. De la misma forma, 080 Barcelona Fashion es una plataforma que promueve la sostenibilidad y circularidad, as\u00ed como la diversidad e inclusividad.<\/p>\n\n\n\n<p><strong>S\u00edguenos en redes sociales<\/strong><\/p>\n\n\n\n<p><em>Facebook CCAM:&nbsp;<\/em><a href=\"https:\/\/www.facebook.com\/ccamcat\/\"><em><u>https:\/\/www.facebook.com\/ccamcat\/<\/u><\/em><\/a><\/p>\n\n\n\n<p><em>Twitter CCAM:&nbsp;<\/em><a href=\"https:\/\/twitter.com\/ccamcat\"><em><u>https:\/\/twitter.com\/ccamcat<\/u><\/em><\/a><\/p>\n\n\n\n<p><em>Facebook 080 Barcelona Fashion:&nbsp;<\/em><a href=\"https:\/\/www.facebook.com\/080BcnFashion\"><em><u>https:\/\/www.facebook.com\/080BcnFashion<\/u><\/em><\/a><\/p>\n\n\n\n<p><em>Twitter 080 Barcelona Fashion:&nbsp;<\/em><a href=\"https:\/\/twitter.com\/080_bcn_fashion\"><em><u>https:\/\/twitter.com\/080_bcn_fashion<\/u><\/em><\/a><\/p>\n\n\n\n<p><em>Instagram 080 Barcelona Fashion:&nbsp;<\/em><a href=\"https:\/\/www.instagram.com\/080bcnfashion\/\"><em><u>https:\/\/www.instagram.com\/080bcnfashion\/<\/u><\/em><\/a><\/p>\n\n\n\n<p><em>Twitter: @empresacat<\/em><\/p>\n","protected":false},"excerpt":{"rendered":"<p><!-- wp:lazyblock\/post-metadata {\"blockId\":\"JBDEP\",\"blockUniqueClass\":\"lazyblock-post-metadata-JBDEP\"} \/--><\/p>\n<p><!-- wp:heading --><\/p>\n<h2>La pr\u00f3xima edici\u00f3n se celebrar\u00e1 del 2 al 5 de mayo en el Recinto Modernista de Sant Pau<\/h2>\n<p><!-- \/wp:heading --><\/p>\n<p><!...\n<\/p>\n","protected":false},"author":1,"featured_media":0,"comment_status":"open","ping_status":"open","sticky":false,"template":"","format":"standard","meta":{"_acf_changed":false,"today-dj-active":false,"todays-dj-list":"%5B%5D","lookbook-gallery":"","show-list":"%5B%5D","display-name":"","date":"","video-id":"","video-file":"","video-file-thumbnail":"","designer-images":"","images-editorial":"","images-athmosphere":"","images-front-row":"","images-photocall":"","designer-image":"","designer-name":"","collection-name":"","cs-coleccion":"","cs-biografia":"","es-coleccion":"","es-biografia":"","en-coleccion":"","en-biografia":"","localizacion":"","time":"","contact-data":"","zip-file":"","posted-date":"2023-03-30T10:30:50","twitter":"","facebook":"","twitch":"","youtube":"","instagram":"","linkedin":"","tiktok":"","website":"","agenda-event":"%5B%5D","agenda-bg":"","pdf_version_of_the_agenda":"","mo-backstage":"","mo-beauty":"","mo-athmosphere":"","mo-streetstyle":"","footnotes":""},"categories":[1],"tags":[],"edition":[23],"class_list":["post-332","post","type-post","status-publish","format-standard","hentry","category-pressnotes","edition-23"],"acf":[],"_links":{"self":[{"href":"https:\/\/080barcelonafashion.cat\/es_ES\/wp-json\/wp\/v2\/posts\/332","targetHints":{"allow":["GET"]}}],"collection":[{"href":"https:\/\/080barcelonafashion.cat\/es_ES\/wp-json\/wp\/v2\/posts"}],"about":[{"href":"https:\/\/080barcelonafashion.cat\/es_ES\/wp-json\/wp\/v2\/types\/post"}],"author":[{"embeddable":true,"href":"https:\/\/080barcelonafashion.cat\/es_ES\/wp-json\/wp\/v2\/users\/1"}],"replies":[{"embeddable":true,"href":"https:\/\/080barcelonafashion.cat\/es_ES\/wp-json\/wp\/v2\/comments?post=332"}],"version-history":[{"count":1,"href":"https:\/\/080barcelonafashion.cat\/es_ES\/wp-json\/wp\/v2\/posts\/332\/revisions"}],"predecessor-version":[{"id":5652,"href":"https:\/\/080barcelonafashion.cat\/es_ES\/wp-json\/wp\/v2\/posts\/332\/revisions\/5652"}],"wp:attachment":[{"href":"https:\/\/080barcelonafashion.cat\/es_ES\/wp-json\/wp\/v2\/media?parent=332"}],"wp:term":[{"taxonomy":"category","embeddable":true,"href":"https:\/\/080barcelonafashion.cat\/es_ES\/wp-json\/wp\/v2\/categories?post=332"},{"taxonomy":"post_tag","embeddable":true,"href":"https:\/\/080barcelonafashion.cat\/es_ES\/wp-json\/wp\/v2\/tags?post=332"},{"taxonomy":"edition","embeddable":true,"href":"https:\/\/080barcelonafashion.cat\/es_ES\/wp-json\/wp\/v2\/edition?post=332"}],"curies":[{"name":"wp","href":"https:\/\/api.w.org\/{rel}","templated":true}]}}