{"id":21570,"date":"2025-03-25T16:00:09","date_gmt":"2025-03-25T16:00:09","guid":{"rendered":"https:\/\/080barcelonafashion.cat\/?p=21570"},"modified":"2025-03-26T14:12:10","modified_gmt":"2025-03-26T14:12:10","slug":"twenty-four-designers-and-brands-are-to-take-part-in-the-35th-080-barcelona-fashion","status":"publish","type":"post","link":"https:\/\/080barcelonafashion.cat\/es_ES\/twenty-four-designers-and-brands-are-to-take-part-in-the-35th-080-barcelona-fashion\/","title":{"rendered":"Veinticuatro dise\u00f1adoras, dise\u00f1adores y marcas participar\u00e1n en la 35.a edici\u00f3n del 080 Barcelona Fashion"},"content":{"rendered":"","protected":false},"excerpt":{"rendered":"","protected":false},"author":1,"featured_media":0,"comment_status":"open","ping_status":"open","sticky":false,"template":"","format":"standard","meta":{"_acf_changed":false,"today-dj-active":false,"todays-dj-list":"%5B%5D","lookbook-gallery":"","show-list":"%5B%5D","display-name":"","date":"","video-id":"","video-file":"","video-file-thumbnail":"","designer-images":"","images-editorial":"","images-athmosphere":"","images-front-row":"","images-photocall":"","designer-image":"","designer-name":"","collection-name":"","cs-coleccion":"","cs-biografia":"","es-coleccion":"","es-biografia":"","en-coleccion":"","en-biografia":"","localizacion":"","time":"","contact-data":"","zip-file":"","posted-date":"","twitter":"","facebook":"","twitch":"","youtube":"","instagram":"","linkedin":"","tiktok":"","website":"","agenda-event":"%5B%5D","agenda-bg":"","pdf_version_of_the_agenda":"","mo-backstage":"","mo-beauty":"","mo-athmosphere":"","mo-streetstyle":"","footnotes":""},"categories":[1],"tags":[],"edition":[36],"class_list":["post-21570","post","type-post","status-publish","format-standard","hentry","category-pressnotes","edition-36"],"acf":[],"_links":{"self":[{"href":"https:\/\/080barcelonafashion.cat\/es_ES\/wp-json\/wp\/v2\/posts\/21570","targetHints":{"allow":["GET"]}}],"collection":[{"href":"https:\/\/080barcelonafashion.cat\/es_ES\/wp-json\/wp\/v2\/posts"}],"about":[{"href":"https:\/\/080barcelonafashion.cat\/es_ES\/wp-json\/wp\/v2\/types\/post"}],"author":[{"embeddable":true,"href":"https:\/\/080barcelonafashion.cat\/es_ES\/wp-json\/wp\/v2\/users\/1"}],"replies":[{"embeddable":true,"href":"https:\/\/080barcelonafashion.cat\/es_ES\/wp-json\/wp\/v2\/comments?post=21570"}],"version-history":[{"count":3,"href":"https:\/\/080barcelonafashion.cat\/es_ES\/wp-json\/wp\/v2\/posts\/21570\/revisions"}],"predecessor-version":[{"id":21580,"href":"https:\/\/080barcelonafashion.cat\/es_ES\/wp-json\/wp\/v2\/posts\/21570\/revisions\/21580"}],"wp:attachment":[{"href":"https:\/\/080barcelonafashion.cat\/es_ES\/wp-json\/wp\/v2\/media?parent=21570"}],"wp:term":[{"taxonomy":"category","embeddable":true,"href":"https:\/\/080barcelonafashion.cat\/es_ES\/wp-json\/wp\/v2\/categories?post=21570"},{"taxonomy":"post_tag","embeddable":true,"href":"https:\/\/080barcelonafashion.cat\/es_ES\/wp-json\/wp\/v2\/tags?post=21570"},{"taxonomy":"edition","embeddable":true,"href":"https:\/\/080barcelonafashion.cat\/es_ES\/wp-json\/wp\/v2\/edition?post=21570"}],"curies":[{"name":"wp","href":"https:\/\/api.w.org\/{rel}","templated":true}]}}