{"id":2020,"date":"2023-05-04T08:26:45","date_gmt":"2023-05-04T08:26:45","guid":{"rendered":"https:\/\/080barcelonafashion.cat?p=2020"},"modified":"2023-08-21T12:18:01","modified_gmt":"2023-08-21T12:18:01","slug":"the-31st-edition-of-080-barcelona-fashion-celebrates-its-first-day-with-five-firms-that-have-presented-their-proposals-based-on-diversity-sustainability-and-innovation","status":"publish","type":"post","link":"https:\/\/080barcelonafashion.cat\/es_ES\/the-31st-edition-of-080-barcelona-fashion-celebrates-its-first-day-with-five-firms-that-have-presented-their-proposals-based-on-diversity-sustainability-and-innovation\/","title":{"rendered":"03_ La 31a edici\u00f3n de 080 Barcelona Fashion celebra su primera jornada con cinco firmas que han presentado sus propuestas basadas en la diversidad, la sostenibilidad y la innovaci\u00f3n"},"content":{"rendered":"\n<ul class=\"wp-block-list\">\n<li><strong>SIMORRA, THE ARTELIER y LARETTA han inaugurado la 31\u00aa edici\u00f3n de 080 Barcelona Fashion<\/strong><br \/><\/li>\n\n\n\n<li><strong>BIELO_OSCARLEON, con su colecci\u00f3n Permanecer o Evolucionar, y ESCORPION, marca referente del knitwear en el sector, protagonizan el cierre de esta primera jornada<\/strong><\/li>\n<\/ul>\n\n\n\n<p>Descarga las im\u00e1genes y videos de los desfiles de cada marca <a href=\"https:\/\/080barcelonafashion.cates_ES\/fashion-shows-photos\/\">aqu\u00ed<\/a><br \/>*Las fotograf\u00edas de los desfiles se ir\u00e1n actualizando a lo largo de la tarde<\/p>\n\n\n\n<p>Martes, 02 de mayo de 2023 \u2014 <strong>080 Barcelona Fashion<\/strong>, organizado por la Generalitat de Catalunya, inaugura su 31\u00aa edici\u00f3n con las propuestas de <strong>SIMORRA, THE ARTELIER, LARETTA, BIELO_OSCARLEON Y ESCORPION<\/strong>, las primeras en mostrar sus propuestas para la pr\u00f3xima temporada. Una edici\u00f3n m\u00e1s, el recinto que ha acogido la semana de la moda de Barcelona ha sido el hist\u00f3rico Recinte Modernista de<br \/>Sant Pau.<br \/><strong>SIMORRA<\/strong> ha dado el pistoletazo de salida a la semana de la moda de Barcelona. La firma, nacida en Catalunya hace m\u00e1s de 40 a\u00f1os, concibe el dise\u00f1o de vanguardia como un veh\u00edculo de expresi\u00f3n y libertad creativa a trav\u00e9s del juego con materiales.<br \/>Esta filosof\u00eda se refleja en su nueva colecci\u00f3n \u201cIN-TOUCH\u201d dise\u00f1ada a partir de algodones bordados, prendas enteramente realizadas con artesan\u00edas de macram\u00e9 para vestidos o con apliques que se combinan con otros materiales. Tweeds de colores frescos y texturas c\u00e1lidas que nos transportan a las tapicer\u00edas utilizadas en piezas de mobiliario de las casas de campo para el verano. Jacquards que dibujan en relieve l\u00edneas que se entrecruzan y recuerdan a los blancos cubrecamas estivales con los que cubrirse al llegar la madrugada. Guipures geom\u00e9tricos que imitan las baldosas hidr\u00e1ulicas utilizadas en terrazas y patios protegidos del calor. Una colecci\u00f3n que nos invita a conectar a trav\u00e9s de las manos con los paisajes t\u00e1ctiles de nuestros recuerdos.<\/p>\n\n\n\n<div class=\"wp-block-columns is-layout-flex wp-container-core-columns-is-layout-9d6595d7 wp-block-columns-is-layout-flex\">\n<div class=\"wp-block-column is-layout-flow wp-block-column-is-layout-flow\">\n<figure class=\"wp-block-image size-large\"><img loading=\"lazy\" decoding=\"async\" width=\"683\" height=\"1024\" src=\"https:\/\/080barcelonafashion.catwp-content\/uploads\/2023\/05\/simorra00050-1-683x1024.jpg\" alt=\"\" class=\"wp-image-2022\" srcset=\"https:\/\/080barcelonafashion.cat\/wp-content\/uploads\/2023\/05\/simorra00050-1-683x1024.jpg 683w, https:\/\/080barcelonafashion.cat\/wp-content\/uploads\/2023\/05\/simorra00050-1-400x600.jpg 400w, https:\/\/080barcelonafashion.cat\/wp-content\/uploads\/2023\/05\/simorra00050-1-768x1151.jpg 768w, https:\/\/080barcelonafashion.cat\/wp-content\/uploads\/2023\/05\/simorra00050-1-200x300.jpg 200w, https:\/\/080barcelonafashion.cat\/wp-content\/uploads\/2023\/05\/simorra00050-1.jpg 934w\" sizes=\"auto, (max-width: 683px) 100vw, 683px\" \/><\/figure>\n<\/div>\n\n\n\n<div class=\"wp-block-column is-layout-flow wp-block-column-is-layout-flow\">\n<figure class=\"wp-block-image size-large\"><img loading=\"lazy\" decoding=\"async\" width=\"683\" height=\"1024\" src=\"https:\/\/080barcelonafashion.catwp-content\/uploads\/2023\/05\/simorra00068-1-683x1024.jpg\" alt=\"\" class=\"wp-image-2023\" srcset=\"https:\/\/080barcelonafashion.cat\/wp-content\/uploads\/2023\/05\/simorra00068-1-683x1024.jpg 683w, https:\/\/080barcelonafashion.cat\/wp-content\/uploads\/2023\/05\/simorra00068-1-400x600.jpg 400w, https:\/\/080barcelonafashion.cat\/wp-content\/uploads\/2023\/05\/simorra00068-1-768x1151.jpg 768w, https:\/\/080barcelonafashion.cat\/wp-content\/uploads\/2023\/05\/simorra00068-1-200x300.jpg 200w, https:\/\/080barcelonafashion.cat\/wp-content\/uploads\/2023\/05\/simorra00068-1.jpg 934w\" sizes=\"auto, (max-width: 683px) 100vw, 683px\" \/><\/figure>\n<\/div>\n\n\n\n<div class=\"wp-block-column is-layout-flow wp-block-column-is-layout-flow\">\n<figure class=\"wp-block-image size-large\"><img loading=\"lazy\" decoding=\"async\" width=\"683\" height=\"1024\" src=\"https:\/\/080barcelonafashion.catwp-content\/uploads\/2023\/05\/simorra00043-1-683x1024.jpg\" alt=\"\" class=\"wp-image-2024\" srcset=\"https:\/\/080barcelonafashion.cat\/wp-content\/uploads\/2023\/05\/simorra00043-1-683x1024.jpg 683w, https:\/\/080barcelonafashion.cat\/wp-content\/uploads\/2023\/05\/simorra00043-1-400x600.jpg 400w, https:\/\/080barcelonafashion.cat\/wp-content\/uploads\/2023\/05\/simorra00043-1-768x1151.jpg 768w, https:\/\/080barcelonafashion.cat\/wp-content\/uploads\/2023\/05\/simorra00043-1-200x300.jpg 200w, https:\/\/080barcelonafashion.cat\/wp-content\/uploads\/2023\/05\/simorra00043-1.jpg 934w\" sizes=\"auto, (max-width: 683px) 100vw, 683px\" \/><\/figure>\n<\/div>\n<\/div>\n\n\n\n<p>Por su parte, la marca especializada en estampados atemporales, sin g\u00e9nero y en su mayor\u00eda sostenibles, <strong>THE ARTELIER<\/strong>, ha sido la segunda en desfilar. Una marca sin g\u00e9nero ni barreras y atemporal y que ha presentado una colecci\u00f3n inspirada en el tiempo y c\u00f3mo \u00e9ste influye en nuestras vidas.<br \/>\u201cRetiens la nuit\u201d de la dise\u00f1adora Alba Ayza nos lleva a reflexionar sobre lo intangible y valioso que es el tiempo y como todos lo vivimos de distintas maneras. Prendas que simulan el concepto del paso del tiempo mediante formas que parecen deshacerse.<\/p>\n\n\n\n<div class=\"wp-block-columns is-layout-flex wp-container-core-columns-is-layout-9d6595d7 wp-block-columns-is-layout-flex\">\n<div class=\"wp-block-column is-layout-flow wp-block-column-is-layout-flow\">\n<figure class=\"wp-block-image size-large\"><img loading=\"lazy\" decoding=\"async\" width=\"683\" height=\"1024\" src=\"https:\/\/080barcelonafashion.catwp-content\/uploads\/2023\/05\/Artelier-110475-1-683x1024.jpg\" alt=\"\" class=\"wp-image-2025\" srcset=\"https:\/\/080barcelonafashion.cat\/wp-content\/uploads\/2023\/05\/Artelier-110475-1-683x1024.jpg 683w, https:\/\/080barcelonafashion.cat\/wp-content\/uploads\/2023\/05\/Artelier-110475-1-400x600.jpg 400w, https:\/\/080barcelonafashion.cat\/wp-content\/uploads\/2023\/05\/Artelier-110475-1-768x1152.jpg 768w, https:\/\/080barcelonafashion.cat\/wp-content\/uploads\/2023\/05\/Artelier-110475-1-1024x1536.jpg 1024w, https:\/\/080barcelonafashion.cat\/wp-content\/uploads\/2023\/05\/Artelier-110475-1-1366x2048.jpg 1366w, https:\/\/080barcelonafashion.cat\/wp-content\/uploads\/2023\/05\/Artelier-110475-1-200x300.jpg 200w, https:\/\/080barcelonafashion.cat\/wp-content\/uploads\/2023\/05\/Artelier-110475-1.jpg 1659w\" sizes=\"auto, (max-width: 683px) 100vw, 683px\" \/><\/figure>\n<\/div>\n\n\n\n<div class=\"wp-block-column is-layout-flow wp-block-column-is-layout-flow\">\n<figure class=\"wp-block-image size-large\"><img loading=\"lazy\" decoding=\"async\" width=\"683\" height=\"1024\" src=\"https:\/\/080barcelonafashion.catwp-content\/uploads\/2023\/05\/Artelier-110774-1-683x1024.jpg\" alt=\"\" class=\"wp-image-2026\" srcset=\"https:\/\/080barcelonafashion.cat\/wp-content\/uploads\/2023\/05\/Artelier-110774-1-683x1024.jpg 683w, https:\/\/080barcelonafashion.cat\/wp-content\/uploads\/2023\/05\/Artelier-110774-1-400x600.jpg 400w, https:\/\/080barcelonafashion.cat\/wp-content\/uploads\/2023\/05\/Artelier-110774-1-768x1152.jpg 768w, https:\/\/080barcelonafashion.cat\/wp-content\/uploads\/2023\/05\/Artelier-110774-1-1024x1536.jpg 1024w, https:\/\/080barcelonafashion.cat\/wp-content\/uploads\/2023\/05\/Artelier-110774-1-1366x2048.jpg 1366w, https:\/\/080barcelonafashion.cat\/wp-content\/uploads\/2023\/05\/Artelier-110774-1-200x300.jpg 200w, https:\/\/080barcelonafashion.cat\/wp-content\/uploads\/2023\/05\/Artelier-110774-1.jpg 1659w\" sizes=\"auto, (max-width: 683px) 100vw, 683px\" \/><\/figure>\n<\/div>\n\n\n\n<div class=\"wp-block-column is-layout-flow wp-block-column-is-layout-flow\">\n<figure class=\"wp-block-image size-large\"><img loading=\"lazy\" decoding=\"async\" width=\"683\" height=\"1024\" src=\"https:\/\/080barcelonafashion.catwp-content\/uploads\/2023\/05\/Artelier-110361-1-683x1024.jpg\" alt=\"\" class=\"wp-image-2027\" srcset=\"https:\/\/080barcelonafashion.cat\/wp-content\/uploads\/2023\/05\/Artelier-110361-1-683x1024.jpg 683w, https:\/\/080barcelonafashion.cat\/wp-content\/uploads\/2023\/05\/Artelier-110361-1-400x600.jpg 400w, https:\/\/080barcelonafashion.cat\/wp-content\/uploads\/2023\/05\/Artelier-110361-1-768x1152.jpg 768w, https:\/\/080barcelonafashion.cat\/wp-content\/uploads\/2023\/05\/Artelier-110361-1-1024x1536.jpg 1024w, https:\/\/080barcelonafashion.cat\/wp-content\/uploads\/2023\/05\/Artelier-110361-1-1366x2048.jpg 1366w, https:\/\/080barcelonafashion.cat\/wp-content\/uploads\/2023\/05\/Artelier-110361-1-200x300.jpg 200w, https:\/\/080barcelonafashion.cat\/wp-content\/uploads\/2023\/05\/Artelier-110361-1.jpg 1659w\" sizes=\"auto, (max-width: 683px) 100vw, 683px\" \/><\/figure>\n<\/div>\n<\/div>\n\n\n\n<p><strong>LARETTA<\/strong> es una marca que busca crear una atm\u00f3sfera donde convivan la tradici\u00f3n y la modernidad. Se estrena en esta edici\u00f3n para presentar \u00abACTA EST FABULA\u00bb, una colecci\u00f3n que tiene como punto de partida la obra \u201cMuerte y Vida\u201d de Gustav Klimt.<br \/>Una serie de reflexiones aparentemente muy alejadas entre ellas, como la vida y la muerte, han llevado a la dise\u00f1adora Lara Serrano a crear una colecci\u00f3n con grandes contrastes en cuanto al color, las texturas y los vol\u00famenes.<br \/>En esta gran cita con la moda el pen\u00faltimo en desfilar ha sido <strong>BIELO_OSCARLEON<\/strong> y su colecci\u00f3n \u201cPermanecer o evolucionar\u201d. Se trata de una firma centrada en la experimentaci\u00f3n de forma rigurosa con t\u00e9cnicas de tejer inventivas, que dan como resultado estructuras inusuales, capaces de transformar las ideas en formas y vol\u00famenes inimaginables.<br \/>Una colecci\u00f3n marcada por combinaciones de colores y experimentaciones de patrones con tejidos de punto de lujo. Piezas sin g\u00e9nero, impregnadas de la fusi\u00f3n de las t\u00e9cnicas orientales y occidentales que dan lugar a materiales sorprendentes, demostrando la tradici\u00f3n e innovaci\u00f3n de la marca.<br \/>La encargada de cerrar la primera jornada de esta 31\u00aa edici\u00f3n es <strong>ESCORPION<\/strong>, marca catalana habitual en el 080 Barcelona Fashion. Fundada el a\u00f1o 1929 es todo un referente del sector del knitwear internacional, centra sus valores en la sostenibilidad a trav\u00e9s de procesos responsables con el medio ambiente.<br \/>En honor al ADN de la marca, el jersey, ESCORPION presenta \u201cUn jersey ESCORPION\u201d, una colecci\u00f3n que apuesta por la vanguardia y es capaz de reinterpretar su sello de identidad. Se compone de prendas que absorben las lecciones del pasado y que se aplican al presente y al futuro, recuperando formas y vol\u00famenes ic\u00f3nicos. Hilaturas sutiles y delicadas que dibujan siluetas elegantes y perfectas, donde prevalecen los tonos naturales, as\u00ed como el cer\u00faleo, p\u00e9talo y palisandro, que se entremezclan con el gris. Una colecci\u00f3n c\u00e1psula que transmite la esencia de ESCORPION.<br \/>De esta manera, la 31\u00aa edici\u00f3n de 080 Barcelona Fashion ha dado a conocer las nuevas tendencias en un ambiente \u00fanico donde la creatividad y la esencia de las marcas han sido las claras protagonistas.<\/p>\n\n\n\n<h4 class=\"wp-block-heading\">Patrocinadores y colaboradores de la 31\u00aa edici\u00f3n de 080 Barcelona Fashion<\/h4>\n\n\n\n<p>En esta edici\u00f3n, el acontecimiento cuenta con el apoyo de 4 marcas patrocinadoras<br \/>que son Kevin Murphy (peluquer\u00eda oficial), MAC Cosmetics (maquillaje oficial), Moco<br \/>Museum (contenidos culturales oficiales) y Nobu Hotel Barcelona (hotel oficial). El<br \/>acontecimiento tambi\u00e9n cuenta con 12 marcas colaboradoras que son:Thuya<br \/>Professional Line (manicura oficial), Cointreau (licor oficial), Gin Gold (ginebra<br \/>premium oficial), Vallformosa (cava oficial), Rowenta (planchado e higienizaci\u00f3n<br \/>oficial), Natur All (agua oficial), La Roca Village (destino de compras oficial), Incavi<br \/>(Institut Catal\u00e1n de la Vinya i el Vi), DO Catalunya, DO Montsant y DO Pened\u00e8s (vinos<br \/>oficiales), y Formatges Can Pujol (queso oficial).<br \/><br \/>Los medios interesados se pueden acreditar a trav\u00e9s de la web: <a href=\"https:\/\/080barcelonafashion.cat\">www.080barcelonafashion.cat<\/a><br \/>Facebook CCAM: <a href=\"https:\/\/www.facebook.com\/ccamcat\/\">https:\/\/www.facebook.com\/ccamcat\/<\/a><br \/>Twitter CCAM: <a href=\"https:\/\/twitter.com\/ccamcat\">https:\/\/twitter.com\/ccamcat<\/a><br \/>Facebook 080 Barcelona Fashion: <a href=\"https:\/\/www.facebook.com\/080BcnFashion\">https:\/\/www.facebook.com\/080BcnFashion<\/a><br \/>Twitter 080 Barcelona Fashion: <a href=\"https:\/\/twitter.com\/080_bcn_fashion\">https:\/\/twitter.com\/080_bcn_fashion<\/a><br \/>Instagram 080 Barcelona Fashion: <a href=\"https:\/\/www.instagram.com\/080bcnfashion\/\">https:\/\/www.instagram.com\/080bcnfashion\/<\/a><br \/>En Twitter: @empresacat<\/p>\n\n\n\n<div data-wp-interactive=\"core\/file\" class=\"wp-block-file\"><object data-wp-bind--hidden=\"!state.hasPdfPreview\" hidden class=\"wp-block-file__embed\" data=\"https:\/\/080barcelonafashion.catwp-content\/uploads\/2023\/05\/CAST_NdP_-La-31a-edicion-de-080-Barcelona-Fashion-celebra-su-primera-jornada-con-cinco-firmas-que-siguen-los-valores-de-la-plataforma.docx-1.pdf\" type=\"application\/pdf\" style=\"width:100%;height:600px\" aria-label=\"Incrustado de CAST_NdP_-La-31a-edicion-de-080-Barcelona-Fashion-celebra-su-primera-jornada-con-cinco-firmas-que-siguen-los-valores-de-la-plataforma.docx-1.\"><\/object><a id=\"wp-block-file--media-ab5708e0-9976-49a6-aa7c-a1db631e01bb\" href=\"https:\/\/080barcelonafashion.catwp-content\/uploads\/2023\/05\/CAST_NdP_-La-31a-edicion-de-080-Barcelona-Fashion-celebra-su-primera-jornada-con-cinco-firmas-que-siguen-los-valores-de-la-plataforma.docx-1.pdf\">CAST_NdP_-La-31a-edicion-de-080-Barcelona-Fashion-celebra-su-primera-jornada-con-cinco-firmas-que-siguen-los-valores-de-la-plataforma.docx-1<\/a><a href=\"https:\/\/080barcelonafashion.catwp-content\/uploads\/2023\/05\/CAST_NdP_-La-31a-edicion-de-080-Barcelona-Fashion-celebra-su-primera-jornada-con-cinco-firmas-que-siguen-los-valores-de-la-plataforma.docx-1.pdf\" class=\"wp-block-file__button wp-element-button\" download aria-describedby=\"wp-block-file--media-ab5708e0-9976-49a6-aa7c-a1db631e01bb\">Download<\/a><\/div>\n\n\n","protected":false},"excerpt":{"rendered":"<p><!-- wp:list --><\/p>\n<ul><!-- wp:list-item --><\/p>\n<li><strong>SIMORRA, THE ARTELIER y LARETTA han inaugurado la 31\u00aa edici\u00f3n de 080 Barcelona Fashion<\/strong><\/li>\n<p><!-- \/wp:list-item --><\/p>\n<p><!-- wp:list-item --><\/p>\n<li><strong>BIELO_OSCARLEON, con su colecci\u00f3&#8230;<br \/>\n","protected":false},"author":1,"featured_media":0,"comment_status":"open","ping_status":"open","sticky":false,"template":"","format":"standard","meta":{"_acf_changed":false,"today-dj-active":false,"todays-dj-list":"%5B%5D","lookbook-gallery":"","show-list":"%5B%5D","display-name":"","date":"","video-id":"","video-file":"","video-file-thumbnail":"","designer-images":"","images-editorial":"","images-athmosphere":"","images-front-row":"","images-photocall":"","designer-image":"","designer-name":"","collection-name":"","cs-coleccion":"","cs-biografia":"","es-coleccion":"","es-biografia":"","en-coleccion":"","en-biografia":"","localizacion":"","time":"","contact-data":"","zip-file":"","posted-date":"2023-05-03T10:27:54","twitter":"","facebook":"","twitch":"","youtube":"","instagram":"","linkedin":"","tiktok":"","website":"","agenda-event":"%5B%5D","agenda-bg":"","pdf_version_of_the_agenda":"","mo-backstage":"","mo-beauty":"","mo-athmosphere":"","mo-streetstyle":"","footnotes":""},"categories":[1],"tags":[],"edition":[23],"class_list":["post-2020","post","type-post","status-publish","format-standard","hentry","category-pressnotes","edition-23"],"acf":[],"_links":{"self":[{"href":"https:\/\/080barcelonafashion.cat\/es_ES\/wp-json\/wp\/v2\/posts\/2020","targetHints":{"allow":["GET"]}}],"collection":[{"href":"https:\/\/080barcelonafashion.cat\/es_ES\/wp-json\/wp\/v2\/posts"}],"about":[{"href":"https:\/\/080barcelonafashion.cat\/es_ES\/wp-json\/wp\/v2\/types\/post"}],"author":[{"embeddable":true,"href":"https:\/\/080barcelonafashion.cat\/es_ES\/wp-json\/wp\/v2\/users\/1"}],"replies":[{"embeddable":true,"href":"https:\/\/080barcelonafashion.cat\/es_ES\/wp-json\/wp\/v2\/comments?post=2020"}],"version-history":[{"count":1,"href":"https:\/\/080barcelonafashion.cat\/es_ES\/wp-json\/wp\/v2\/posts\/2020\/revisions"}],"predecessor-version":[{"id":5654,"href":"https:\/\/080barcelonafashion.cat\/es_ES\/wp-json\/wp\/v2\/posts\/2020\/revisions\/5654"}],"wp:attachment":[{"href":"https:\/\/080barcelonafashion.cat\/es_ES\/wp-json\/wp\/v2\/media?parent=2020"}],"wp:term":[{"taxonomy":"category","embeddable":true,"href":"https:\/\/080barcelonafashion.cat\/es_ES\/wp-json\/wp\/v2\/categories?post=2020"},{"taxonomy":"post_tag","embeddable":true,"href":"https:\/\/080barcelonafashion.cat\/es_ES\/wp-json\/wp\/v2\/tags?post=2020"},{"taxonomy":"edition","embeddable":true,"href":"https:\/\/080barcelonafashion.cat\/es_ES\/wp-json\/wp\/v2\/edition?post=2020"}],"curies":[{"name":"wp","href":"https:\/\/api.w.org\/{rel}","templated":true}]}}