{"id":12781,"date":"2024-04-10T17:17:40","date_gmt":"2024-04-10T17:17:40","guid":{"rendered":"https:\/\/080barcelonafashion.cat\/?p=12781"},"modified":"2024-04-10T18:07:58","modified_gmt":"2024-04-10T18:07:58","slug":"craftsmanship-sustainability-and-technology-were-the-focus-of-the-second-day-of-080-barcelona-fashion","status":"publish","type":"post","link":"https:\/\/080barcelonafashion.cat\/es_ES\/craftsmanship-sustainability-and-technology-were-the-focus-of-the-second-day-of-080-barcelona-fashion\/","title":{"rendered":"Artesan\u00eda, sostenibilidad y tecnolog\u00eda han sido el eje central en el segundo d\u00eda de 080 Barcelona Fashion"},"content":{"rendered":"","protected":false},"excerpt":{"rendered":"","protected":false},"author":1,"featured_media":0,"comment_status":"open","ping_status":"open","sticky":false,"template":"","format":"standard","meta":{"_acf_changed":false,"today-dj-active":false,"todays-dj-list":"%5B%5D","lookbook-gallery":"","show-list":"%5B%5D","display-name":"","date":"","video-id":"","video-file":"","video-file-thumbnail":"","designer-images":"","images-editorial":"","images-athmosphere":"","images-front-row":"","images-photocall":"","designer-image":"","designer-name":"","collection-name":"","cs-coleccion":"","cs-biografia":"","es-coleccion":"","es-biografia":"","en-coleccion":"","en-biografia":"","localizacion":"","time":"","contact-data":"","zip-file":"","posted-date":"","twitter":"","facebook":"","twitch":"","youtube":"","instagram":"","linkedin":"","tiktok":"","website":"","agenda-event":"%5B%5D","agenda-bg":"","pdf_version_of_the_agenda":"","mo-backstage":"","mo-beauty":"","mo-athmosphere":"","mo-streetstyle":"","footnotes":""},"categories":[1],"tags":[],"edition":[31],"class_list":["post-12781","post","type-post","status-publish","format-standard","hentry","category-pressnotes","edition-31"],"acf":[],"_links":{"self":[{"href":"https:\/\/080barcelonafashion.cat\/es_ES\/wp-json\/wp\/v2\/posts\/12781","targetHints":{"allow":["GET"]}}],"collection":[{"href":"https:\/\/080barcelonafashion.cat\/es_ES\/wp-json\/wp\/v2\/posts"}],"about":[{"href":"https:\/\/080barcelonafashion.cat\/es_ES\/wp-json\/wp\/v2\/types\/post"}],"author":[{"embeddable":true,"href":"https:\/\/080barcelonafashion.cat\/es_ES\/wp-json\/wp\/v2\/users\/1"}],"replies":[{"embeddable":true,"href":"https:\/\/080barcelonafashion.cat\/es_ES\/wp-json\/wp\/v2\/comments?post=12781"}],"version-history":[{"count":3,"href":"https:\/\/080barcelonafashion.cat\/es_ES\/wp-json\/wp\/v2\/posts\/12781\/revisions"}],"predecessor-version":[{"id":12897,"href":"https:\/\/080barcelonafashion.cat\/es_ES\/wp-json\/wp\/v2\/posts\/12781\/revisions\/12897"}],"wp:attachment":[{"href":"https:\/\/080barcelonafashion.cat\/es_ES\/wp-json\/wp\/v2\/media?parent=12781"}],"wp:term":[{"taxonomy":"category","embeddable":true,"href":"https:\/\/080barcelonafashion.cat\/es_ES\/wp-json\/wp\/v2\/categories?post=12781"},{"taxonomy":"post_tag","embeddable":true,"href":"https:\/\/080barcelonafashion.cat\/es_ES\/wp-json\/wp\/v2\/tags?post=12781"},{"taxonomy":"edition","embeddable":true,"href":"https:\/\/080barcelonafashion.cat\/es_ES\/wp-json\/wp\/v2\/edition?post=12781"}],"curies":[{"name":"wp","href":"https:\/\/api.w.org\/{rel}","templated":true}]}}