{"id":11053,"date":"2024-03-21T15:07:51","date_gmt":"2024-03-21T15:07:51","guid":{"rendered":"https:\/\/080barcelonafashion.cat\/?p=11053"},"modified":"2024-03-21T15:07:53","modified_gmt":"2024-03-21T15:07:53","slug":"la-33a-edicio-de-080-barcelona-fashion-aposta-per-noves-formes-dexpressio-a-traves-de-la-tecnologia-i-lart-digital","status":"publish","type":"post","link":"https:\/\/080barcelonafashion.cat\/es_ES\/la-33a-edicio-de-080-barcelona-fashion-aposta-per-noves-formes-dexpressio-a-traves-de-la-tecnologia-i-lart-digital\/","title":{"rendered":"La 33\u00aa edici\u00f3n de 080 Barcelona Fashion apuesta por nuevas formas de expresi\u00f3n a trav\u00e9s de la tecnolog\u00eda y el arte digital"},"content":{"rendered":"","protected":false},"excerpt":{"rendered":"","protected":false},"author":1,"featured_media":0,"comment_status":"open","ping_status":"open","sticky":false,"template":"","format":"standard","meta":{"_acf_changed":false,"today-dj-active":false,"todays-dj-list":"%5B%5D","lookbook-gallery":"","show-list":"%5B%5D","display-name":"","date":"","video-id":"","video-file":"","video-file-thumbnail":"","designer-images":"","images-editorial":"","images-athmosphere":"","images-front-row":"","images-photocall":"","designer-image":"","designer-name":"","collection-name":"","cs-coleccion":"","cs-biografia":"","es-coleccion":"","es-biografia":"","en-coleccion":"","en-biografia":"","localizacion":"","time":"","contact-data":"","zip-file":"","posted-date":"","twitter":"","facebook":"","twitch":"","youtube":"","instagram":"","linkedin":"","tiktok":"","website":"","agenda-event":"%5B%5D","agenda-bg":"","pdf_version_of_the_agenda":"","mo-backstage":"","mo-beauty":"","mo-athmosphere":"","mo-streetstyle":"","footnotes":""},"categories":[1],"tags":[],"edition":[31],"class_list":["post-11053","post","type-post","status-publish","format-standard","hentry","category-pressnotes","edition-31"],"acf":[],"_links":{"self":[{"href":"https:\/\/080barcelonafashion.cat\/es_ES\/wp-json\/wp\/v2\/posts\/11053","targetHints":{"allow":["GET"]}}],"collection":[{"href":"https:\/\/080barcelonafashion.cat\/es_ES\/wp-json\/wp\/v2\/posts"}],"about":[{"href":"https:\/\/080barcelonafashion.cat\/es_ES\/wp-json\/wp\/v2\/types\/post"}],"author":[{"embeddable":true,"href":"https:\/\/080barcelonafashion.cat\/es_ES\/wp-json\/wp\/v2\/users\/1"}],"replies":[{"embeddable":true,"href":"https:\/\/080barcelonafashion.cat\/es_ES\/wp-json\/wp\/v2\/comments?post=11053"}],"version-history":[{"count":2,"href":"https:\/\/080barcelonafashion.cat\/es_ES\/wp-json\/wp\/v2\/posts\/11053\/revisions"}],"predecessor-version":[{"id":11058,"href":"https:\/\/080barcelonafashion.cat\/es_ES\/wp-json\/wp\/v2\/posts\/11053\/revisions\/11058"}],"wp:attachment":[{"href":"https:\/\/080barcelonafashion.cat\/es_ES\/wp-json\/wp\/v2\/media?parent=11053"}],"wp:term":[{"taxonomy":"category","embeddable":true,"href":"https:\/\/080barcelonafashion.cat\/es_ES\/wp-json\/wp\/v2\/categories?post=11053"},{"taxonomy":"post_tag","embeddable":true,"href":"https:\/\/080barcelonafashion.cat\/es_ES\/wp-json\/wp\/v2\/tags?post=11053"},{"taxonomy":"edition","embeddable":true,"href":"https:\/\/080barcelonafashion.cat\/es_ES\/wp-json\/wp\/v2\/edition?post=11053"}],"curies":[{"name":"wp","href":"https:\/\/api.w.org\/{rel}","templated":true}]}}